{"id":2634,"date":"2021-05-20T12:57:22","date_gmt":"2021-05-20T10:57:22","guid":{"rendered":"https:\/\/www.ds-iberien.de\/primeira-reuniao-da-dsib-com-a-agencia-central-para-as-escolas-no-estrangeiro\/"},"modified":"2021-05-20T12:57:22","modified_gmt":"2021-05-20T10:57:22","slug":"primeira-reuniao-da-dsib-com-a-agencia-central-para-as-escolas-no-estrangeiro","status":"publish","type":"post","link":"https:\/\/www.ds-iberien.de\/pt-pt\/primeira-reuniao-da-dsib-com-a-agencia-central-para-as-escolas-no-estrangeiro\/","title":{"rendered":"Primeira reuni\u00e3o da DSIB com a Ag\u00eancia Central para as Escolas no Estrangeiro"},"content":{"rendered":"<p>A 14 de Maio de 2021, teve lugar a primeira reuni\u00e3o oficial do grupo de trabalho da DSIB com a Ag\u00eancia Central para as Escolas no Estrangeiro.\u00a0 Como Heike Toledo, Chefe da ZfA declarou, foi um momento hist\u00f3rico. A coopera\u00e7\u00e3o e um interc\u00e2mbio intensivo com as ag\u00eancias alem\u00e3s formam um elemento central do trabalho das nossas escolas, e apreciamos muito a coopera\u00e7\u00e3o estreita em todos os momentos. O ano 2020 entrou numa fase dif\u00edcil com o Covid-19, o que torna esta coopera\u00e7\u00e3o muito construtiva ainda mais importante. Foram levantadas e tratadas quest\u00f5es importantes na reuni\u00e3o virtual e a DSIB gostaria de aproveitar esta oportunidade para agradecer \u00e0 Sra. Toledo, \u00e0 Sra. Wagner e ao Sr. van Neerven.<\/p>\n","protected":false},"excerpt":{"rendered":"<p>A 14 de Maio de 2021, teve lugar a primeira reuni\u00e3o oficial do grupo de trabalho da DSIB com a Ag\u00eancia Central para as Escolas no Estrangeiro.\u00a0 Como Heike Toledo, Chefe da ZfA declarou, foi um momento hist\u00f3rico. A coopera\u00e7\u00e3o&hellip;<\/p>\n","protected":false},"author":1,"featured_media":2629,"comment_status":"open","ping_status":"open","sticky":false,"template":"","format":"standard","meta":[],"categories":[],"tags":[],"aioseo_notices":[],"_links":{"self":[{"href":"https:\/\/www.ds-iberien.de\/pt-pt\/wp-json\/wp\/v2\/posts\/2634"}],"collection":[{"href":"https:\/\/www.ds-iberien.de\/pt-pt\/wp-json\/wp\/v2\/posts"}],"about":[{"href":"https:\/\/www.ds-iberien.de\/pt-pt\/wp-json\/wp\/v2\/types\/post"}],"author":[{"embeddable":true,"href":"https:\/\/www.ds-iberien.de\/pt-pt\/wp-json\/wp\/v2\/users\/1"}],"replies":[{"embeddable":true,"href":"https:\/\/www.ds-iberien.de\/pt-pt\/wp-json\/wp\/v2\/comments?post=2634"}],"version-history":[{"count":0,"href":"https:\/\/www.ds-iberien.de\/pt-pt\/wp-json\/wp\/v2\/posts\/2634\/revisions"}],"wp:featuredmedia":[{"embeddable":true,"href":"https:\/\/www.ds-iberien.de\/pt-pt\/wp-json\/wp\/v2\/media\/2629"}],"wp:attachment":[{"href":"https:\/\/www.ds-iberien.de\/pt-pt\/wp-json\/wp\/v2\/media?parent=2634"}],"wp:term":[{"taxonomy":"category","embeddable":true,"href":"https:\/\/www.ds-iberien.de\/pt-pt\/wp-json\/wp\/v2\/categories?post=2634"},{"taxonomy":"post_tag","embeddable":true,"href":"https:\/\/www.ds-iberien.de\/pt-pt\/wp-json\/wp\/v2\/tags?post=2634"}],"curies":[{"name":"wp","href":"https:\/\/api.w.org\/{rel}","templated":true}]}}