{"id":2334,"date":"2020-06-17T09:28:36","date_gmt":"2020-06-17T07:28:36","guid":{"rendered":"https:\/\/www.ds-iberien.de\/landeswettbewerb-jugend-debattiert-an-der-ds-teneriffa-25-28-marz-2019\/"},"modified":"2021-05-05T18:01:22","modified_gmt":"2021-05-05T16:01:22","slug":"landeswettbewerb-jugend-debattiert-an-der-ds-teneriffa-25-28-marz-2019","status":"publish","type":"post","link":"https:\/\/www.ds-iberien.de\/pt-pt\/landeswettbewerb-jugend-debattiert-an-der-ds-teneriffa-25-28-marz-2019\/","title":{"rendered":"Concurso nacional \u201cOs jovens debatem\u201d (&#8220;Jugend debattiert&#8221;) no DS Tenerife (25-28 de mar\u00e7o de 2019)."},"content":{"rendered":"<p><strong>Toda a gente ganha!<\/strong><\/p>\n<p>Uma democracia precisa de cidad\u00e3os aptos. Cidad\u00e3os que fazem perguntas cr\u00edticas, que falam o que pensam e lidam com as opini\u00f5es dos outros de forma justa e objetiva, que escutam e olham para al\u00e9m dos seus pr\u00f3prios horizontes. Quem debate algo, aprende e treina tudo isto ao mesmo tempo.<\/p>\n<p>Debater significa: tomar uma posi\u00e7\u00e3o, fornecer raz\u00f5es, apresentar cr\u00edticas &#8211; contra e com os outros. Os alunos que participam no debate devem ser capazes de se expressar com precis\u00e3o e de se ouvirem uns aos outros.<\/p>\n<p>No concurso nacional &#8220;Jugend debattiert Iberien&#8221; 16 alunos de col\u00e9gios alem\u00e3es de Barcelona, Bilbao, Madrid, M\u00e1laga, Porto, Las Palmas (GC), San Sebastian, Tenerife debatem uns com os outros. Outros estudantes participam no concurso juntamente com os seus professores como jurados.<\/p>\n<p>Para o concurso nacional &#8220;Jugend debattiert Iberia&#8221; 2019 no DS Tenerife, os nossos alunos Clara S.A. e Catalina G.S.J. qualificaram-se. Ariana L.K.I. representou o DS Madrid no concurso nacional como ju\u00edza.<\/p>\n<p>Duas semanas antes do concurso, os 16 estudantes receberam os temas para os debates de qualifica\u00e7\u00e3o e para a final:<\/p>\n<ol style=\"padding-left: 40px;\">\n<li>Os transportes p\u00fablicos devem ser gratuitos?<\/li>\n<li>A publicidade a alimentos n\u00e3o saud\u00e1veis deve ser proibida?<\/li>\n<li>Devem ser permitidos ver\u00edculos sem condutor  nos transportes p\u00fablicos?<\/li>\n<\/ol>\n<p>Na final, Raja Szyszkowitz (DS Malaga) ganhou por poucos pontos sobre Flavia Garc\u00eda Uson (DS Barcelona).<\/p>\n<p>O pr\u00f3ximo concurso nacional &#8220;Os jovens ib\u00e9ricos debatem&#8221; ter\u00e1 lugar na primavera de 2020 no Col\u00e9gio Alem\u00e3o de Bilbao. Pela primeira vez, o DS Sevilha tamb\u00e9m participar\u00e1 no concurso.<\/p>\n<p>Mais informa\u00e7\u00f5es sobre &#8220;Jugend debattiert&#8221; em: www.jugend-debattiert.de<\/p>\n<p>Jan Bernert (Coordenador Nacional de &#8220;Jugend dabattiert Iberia&#8221;)<br \/>\nJan Bernert (Landeskoordinator \u201eJugend debattiert Iberien\u201c)<\/p>\n","protected":false},"excerpt":{"rendered":"<p>Toda a gente ganha! Uma democracia precisa de cidad\u00e3os aptos. Cidad\u00e3os que fazem perguntas cr\u00edticas, que falam o que pensam e lidam com as opini\u00f5es dos outros de forma justa e objetiva, que escutam e olham para al\u00e9m dos seus&hellip;<\/p>\n","protected":false},"author":1,"featured_media":2335,"comment_status":"closed","ping_status":"closed","sticky":false,"template":"","format":"standard","meta":[],"categories":[],"tags":[],"aioseo_notices":[],"_links":{"self":[{"href":"https:\/\/www.ds-iberien.de\/pt-pt\/wp-json\/wp\/v2\/posts\/2334"}],"collection":[{"href":"https:\/\/www.ds-iberien.de\/pt-pt\/wp-json\/wp\/v2\/posts"}],"about":[{"href":"https:\/\/www.ds-iberien.de\/pt-pt\/wp-json\/wp\/v2\/types\/post"}],"author":[{"embeddable":true,"href":"https:\/\/www.ds-iberien.de\/pt-pt\/wp-json\/wp\/v2\/users\/1"}],"replies":[{"embeddable":true,"href":"https:\/\/www.ds-iberien.de\/pt-pt\/wp-json\/wp\/v2\/comments?post=2334"}],"version-history":[{"count":2,"href":"https:\/\/www.ds-iberien.de\/pt-pt\/wp-json\/wp\/v2\/posts\/2334\/revisions"}],"predecessor-version":[{"id":2337,"href":"https:\/\/www.ds-iberien.de\/pt-pt\/wp-json\/wp\/v2\/posts\/2334\/revisions\/2337"}],"wp:featuredmedia":[{"embeddable":true,"href":"https:\/\/www.ds-iberien.de\/pt-pt\/wp-json\/wp\/v2\/media\/2335"}],"wp:attachment":[{"href":"https:\/\/www.ds-iberien.de\/pt-pt\/wp-json\/wp\/v2\/media?parent=2334"}],"wp:term":[{"taxonomy":"category","embeddable":true,"href":"https:\/\/www.ds-iberien.de\/pt-pt\/wp-json\/wp\/v2\/categories?post=2334"},{"taxonomy":"post_tag","embeddable":true,"href":"https:\/\/www.ds-iberien.de\/pt-pt\/wp-json\/wp\/v2\/tags?post=2334"}],"curies":[{"name":"wp","href":"https:\/\/api.w.org\/{rel}","templated":true}]}}