{"id":2331,"date":"2020-06-17T09:26:31","date_gmt":"2020-06-17T07:26:31","guid":{"rendered":"https:\/\/www.ds-iberien.de\/regionale-netzwerktagung-an-der-dsm\/"},"modified":"2021-05-05T17:57:45","modified_gmt":"2021-05-05T15:57:45","slug":"regionale-netzwerktagung-an-der-dsm","status":"publish","type":"post","link":"https:\/\/www.ds-iberien.de\/pt-pt\/regionale-netzwerktagung-an-der-dsm\/","title":{"rendered":"Confer\u00eancia Regional da Rede no Col\u00e9gio Alem\u00e3o de Madrid"},"content":{"rendered":"<p>Como col\u00e9gio central da regi\u00e3o 10 do sistema de Col\u00e9gios Alem\u00e3es no Estrangeiro, a DS Madrid acolheu a Confer\u00eancia da Rede Regional deste ano, entre 27 a 29 de maio. Durante tr\u00eas dias, representantes dos conselhos de administra\u00e7\u00e3o, gest\u00e3o escolar e gest\u00e3o administrativa reuniram-se para discutir quest\u00f5es atuais e a futura dire\u00e7\u00e3o dos Col\u00e9gios Alem\u00e3es no Estrangeiro em Espanha e Portugal, bem como em todo o mundo. O nosso col\u00e9gio aproveitou a oportunidade para se apresentar como um bom anfitri\u00e3o e assim fornecer o quadro para um encontro harmonioso e amig\u00e1vel. Em termos de conte\u00fado, foram apresentadas e discutidas as perspetivas de desenvolvimento futuro da qualidade dos col\u00e9gios alem\u00e3es no estrangeiro. N\u00e3o foi apenas te\u00f3rico, mas foi consensual que uma boa rede de contactos na regi\u00e3o \u00e9 uma base importante para o trabalho bem-sucedido dos Col\u00e9gios Alem\u00e3es no Estrangeiro nas suas respetivas localiza\u00e7\u00f5es. Para mais informa\u00e7\u00f5es, ver: <a href=\"https:\/\/www.auslandsschulwesen.de\/Webs\/ZfA\/DE\/Schulnetz\/Qualitaetsmanagement\/Qualitaetsrahmen\/orientierungsrahmen_qualitaet.html\">https:\/\/www.auslandsschulwesen.de\/Webs\/ZfA\/DE\/Schulnetz\/Qualitaetsmanagement\/Qualitaetsrahmen\/orientierungsrahmen_qualitaet.html\u00a0<\/a><\/p>\n","protected":false},"excerpt":{"rendered":"<p>Como col\u00e9gio central da regi\u00e3o 10 do sistema de Col\u00e9gios Alem\u00e3es no Estrangeiro, a DS Madrid acolheu a Confer\u00eancia da Rede Regional deste ano, entre 27 a 29 de maio. Durante tr\u00eas dias, representantes dos conselhos de administra\u00e7\u00e3o, gest\u00e3o escolar&hellip;<\/p>\n","protected":false},"author":1,"featured_media":2332,"comment_status":"closed","ping_status":"closed","sticky":false,"template":"","format":"standard","meta":[],"categories":[],"tags":[],"aioseo_notices":[],"_links":{"self":[{"href":"https:\/\/www.ds-iberien.de\/pt-pt\/wp-json\/wp\/v2\/posts\/2331"}],"collection":[{"href":"https:\/\/www.ds-iberien.de\/pt-pt\/wp-json\/wp\/v2\/posts"}],"about":[{"href":"https:\/\/www.ds-iberien.de\/pt-pt\/wp-json\/wp\/v2\/types\/post"}],"author":[{"embeddable":true,"href":"https:\/\/www.ds-iberien.de\/pt-pt\/wp-json\/wp\/v2\/users\/1"}],"replies":[{"embeddable":true,"href":"https:\/\/www.ds-iberien.de\/pt-pt\/wp-json\/wp\/v2\/comments?post=2331"}],"version-history":[{"count":1,"href":"https:\/\/www.ds-iberien.de\/pt-pt\/wp-json\/wp\/v2\/posts\/2331\/revisions"}],"predecessor-version":[{"id":2333,"href":"https:\/\/www.ds-iberien.de\/pt-pt\/wp-json\/wp\/v2\/posts\/2331\/revisions\/2333"}],"wp:featuredmedia":[{"embeddable":true,"href":"https:\/\/www.ds-iberien.de\/pt-pt\/wp-json\/wp\/v2\/media\/2332"}],"wp:attachment":[{"href":"https:\/\/www.ds-iberien.de\/pt-pt\/wp-json\/wp\/v2\/media?parent=2331"}],"wp:term":[{"taxonomy":"category","embeddable":true,"href":"https:\/\/www.ds-iberien.de\/pt-pt\/wp-json\/wp\/v2\/categories?post=2331"},{"taxonomy":"post_tag","embeddable":true,"href":"https:\/\/www.ds-iberien.de\/pt-pt\/wp-json\/wp\/v2\/tags?post=2331"}],"curies":[{"name":"wp","href":"https:\/\/api.w.org\/{rel}","templated":true}]}}