{"id":2327,"date":"2020-06-17T09:24:25","date_gmt":"2020-06-17T07:24:25","guid":{"rendered":"https:\/\/www.ds-iberien.de\/jugend-forscht-iberia-2019\/"},"modified":"2021-05-05T17:54:20","modified_gmt":"2021-05-05T15:54:20","slug":"jugend-forscht-iberia-2019","status":"publish","type":"post","link":"https:\/\/www.ds-iberien.de\/pt-pt\/jugend-forscht-iberia-2019\/","title":{"rendered":"Competi\u00e7\u00e3o \u201cOs jovens investigam\u201d (\u201cJugend forscht\u201d), Iberia 2019"},"content":{"rendered":"<p>Este ano (2019), o Col\u00e9gio Alem\u00e3o de Madrid acolher\u00e1 o concurso regional &#8220;jovens investigam, Ib\u00e9ria&#8221; (\u201cJugend forscht\u201d) pela terceira vez, entre 13 a 15 de novembro de 2019. Estamos tamb\u00e9m a celebrar o 20\u00ba anivers\u00e1rio do nosso concurso. Portanto, este \u00e9 um evento muito especial. \u201cJugend forscht\u201d \u00e9 o maior concurso europeu de jovens no campo da ci\u00eancia e tecnologia.<\/p>\n<p>Este ano seremos visitados por cerca de 60 alunos do 5\u00ba ao 12\u00ba ano de col\u00e9gios alem\u00e3es em Madrid, Lisboa, San Sebastian, Bilbao, Barcelona, Val\u00eancia, M\u00e1laga e Sevilha. Os estudantes v\u00e3o surpreender-nos com numerosos projetos de v\u00e1rias \u00e1reas do conhecimento do trabalho, biologia, qu\u00edmica, ci\u00eancias da terra e do espa\u00e7o, matem\u00e1tica \/ inform\u00e1tica, f\u00edsica e tecnologia.<\/p>\n<p><iframe loading=\"lazy\" src=\"https:\/\/www.youtube.com\/embed\/wbmGIr-pCMI\" width=\"560\" height=\"315\" frameborder=\"0\" allowfullscreen=\"allowfullscreen\"><\/iframe><\/p>\n","protected":false},"excerpt":{"rendered":"<p>Este ano (2019), o Col\u00e9gio Alem\u00e3o de Madrid acolher\u00e1 o concurso regional &#8220;jovens investigam, Ib\u00e9ria&#8221; (\u201cJugend forscht\u201d) pela terceira vez, entre 13 a 15 de novembro de 2019. Estamos tamb\u00e9m a celebrar o 20\u00ba anivers\u00e1rio do nosso concurso. Portanto, este&hellip;<\/p>\n","protected":false},"author":1,"featured_media":2328,"comment_status":"closed","ping_status":"closed","sticky":false,"template":"","format":"standard","meta":[],"categories":[],"tags":[],"aioseo_notices":[],"_links":{"self":[{"href":"https:\/\/www.ds-iberien.de\/pt-pt\/wp-json\/wp\/v2\/posts\/2327"}],"collection":[{"href":"https:\/\/www.ds-iberien.de\/pt-pt\/wp-json\/wp\/v2\/posts"}],"about":[{"href":"https:\/\/www.ds-iberien.de\/pt-pt\/wp-json\/wp\/v2\/types\/post"}],"author":[{"embeddable":true,"href":"https:\/\/www.ds-iberien.de\/pt-pt\/wp-json\/wp\/v2\/users\/1"}],"replies":[{"embeddable":true,"href":"https:\/\/www.ds-iberien.de\/pt-pt\/wp-json\/wp\/v2\/comments?post=2327"}],"version-history":[{"count":1,"href":"https:\/\/www.ds-iberien.de\/pt-pt\/wp-json\/wp\/v2\/posts\/2327\/revisions"}],"predecessor-version":[{"id":2330,"href":"https:\/\/www.ds-iberien.de\/pt-pt\/wp-json\/wp\/v2\/posts\/2327\/revisions\/2330"}],"wp:featuredmedia":[{"embeddable":true,"href":"https:\/\/www.ds-iberien.de\/pt-pt\/wp-json\/wp\/v2\/media\/2328"}],"wp:attachment":[{"href":"https:\/\/www.ds-iberien.de\/pt-pt\/wp-json\/wp\/v2\/media?parent=2327"}],"wp:term":[{"taxonomy":"category","embeddable":true,"href":"https:\/\/www.ds-iberien.de\/pt-pt\/wp-json\/wp\/v2\/categories?post=2327"},{"taxonomy":"post_tag","embeddable":true,"href":"https:\/\/www.ds-iberien.de\/pt-pt\/wp-json\/wp\/v2\/tags?post=2327"}],"curies":[{"name":"wp","href":"https:\/\/api.w.org\/{rel}","templated":true}]}}