{"id":2306,"date":"2020-08-28T09:52:32","date_gmt":"2020-08-28T07:52:32","guid":{"rendered":"https:\/\/www.ds-iberien.de\/covid-protokolle\/"},"modified":"2021-05-05T16:29:32","modified_gmt":"2021-05-05T14:29:32","slug":"covid-protokolle","status":"publish","type":"post","link":"https:\/\/www.ds-iberien.de\/pt-pt\/covid-protokolle\/","title":{"rendered":"COVID-19"},"content":{"rendered":"<p><span lang=\"es-ES\"><em>Devido \u00e0 situa\u00e7\u00e3o complicada que vivemos nestes tempos e \u00e0s repercuss\u00f5es da COVID na vida quotidiana das escolas, tivemos de implementar protocolos rigorosos de sa\u00fade e seguran\u00e7a para o ano lectivo 2020-2021, a fim de garantir a seguran\u00e7a de toda a comunidade escolar. Uma vez que a situa\u00e7\u00e3o \u00e9 semelhante em todas as escolas, trocamos experi\u00eancias e solu\u00e7\u00f5es para aprender uns com os outros.<\/em> <\/span><\/p>\n<p><em>\u00a0<\/em><\/p>\n","protected":false},"excerpt":{"rendered":"<p>Devido \u00e0 situa\u00e7\u00e3o complicada que vivemos nestes tempos e \u00e0s repercuss\u00f5es da COVID na vida quotidiana das escolas, tivemos de implementar protocolos rigorosos de sa\u00fade e seguran\u00e7a para o ano lectivo 2020-2021, a fim de garantir a seguran\u00e7a de toda&hellip;<\/p>\n","protected":false},"author":1,"featured_media":2308,"comment_status":"open","ping_status":"open","sticky":false,"template":"","format":"standard","meta":[],"categories":[],"tags":[],"aioseo_notices":[],"_links":{"self":[{"href":"https:\/\/www.ds-iberien.de\/pt-pt\/wp-json\/wp\/v2\/posts\/2306"}],"collection":[{"href":"https:\/\/www.ds-iberien.de\/pt-pt\/wp-json\/wp\/v2\/posts"}],"about":[{"href":"https:\/\/www.ds-iberien.de\/pt-pt\/wp-json\/wp\/v2\/types\/post"}],"author":[{"embeddable":true,"href":"https:\/\/www.ds-iberien.de\/pt-pt\/wp-json\/wp\/v2\/users\/1"}],"replies":[{"embeddable":true,"href":"https:\/\/www.ds-iberien.de\/pt-pt\/wp-json\/wp\/v2\/comments?post=2306"}],"version-history":[{"count":1,"href":"https:\/\/www.ds-iberien.de\/pt-pt\/wp-json\/wp\/v2\/posts\/2306\/revisions"}],"predecessor-version":[{"id":2309,"href":"https:\/\/www.ds-iberien.de\/pt-pt\/wp-json\/wp\/v2\/posts\/2306\/revisions\/2309"}],"wp:featuredmedia":[{"embeddable":true,"href":"https:\/\/www.ds-iberien.de\/pt-pt\/wp-json\/wp\/v2\/media\/2308"}],"wp:attachment":[{"href":"https:\/\/www.ds-iberien.de\/pt-pt\/wp-json\/wp\/v2\/media?parent=2306"}],"wp:term":[{"taxonomy":"category","embeddable":true,"href":"https:\/\/www.ds-iberien.de\/pt-pt\/wp-json\/wp\/v2\/categories?post=2306"},{"taxonomy":"post_tag","embeddable":true,"href":"https:\/\/www.ds-iberien.de\/pt-pt\/wp-json\/wp\/v2\/tags?post=2306"}],"curies":[{"name":"wp","href":"https:\/\/api.w.org\/{rel}","templated":true}]}}