{"id":2632,"date":"2021-05-20T12:53:35","date_gmt":"2021-05-20T10:53:35","guid":{"rendered":"https:\/\/www.ds-iberien.de\/primera-reunion-de-la-dsib-con-la-agencia-central-de-colegios-en-el-extranjero\/"},"modified":"2021-05-20T12:54:51","modified_gmt":"2021-05-20T10:54:51","slug":"primera-reunion-de-la-dsib-con-la-agencia-central-de-colegios-en-el-extranjero","status":"publish","type":"post","link":"https:\/\/www.ds-iberien.de\/es\/primera-reunion-de-la-dsib-con-la-agencia-central-de-colegios-en-el-extranjero\/","title":{"rendered":"Primera reuni\u00f3n de la DSIB con la Agencia Central de Colegios en el Extranjero"},"content":{"rendered":"<p>El 14 de mayo de 2021 tuvo lugar la primera reuni\u00f3n oficial del grupo de trabajo de la DSIB con la Agencia Central de Colegios en el Extranjero. Como declar\u00f3 Heike Toledo, directora de la ZfA, fue un momento hist\u00f3rico. La cooperaci\u00f3n y el intercambio intensivo con los organismos alemanes constituyen un elemento central del trabajo de nuestros colegios, y apreciamos mucho la estrecha colaboraci\u00f3n en todo momento. El a\u00f1o 2020 ha marcado una fase dif\u00edcil con Covid-19, lo que hace que esta cooperaci\u00f3n tan constructiva sea a\u00fan m\u00e1s importante. En la reuni\u00f3n virtual se plantearon y trataron temas importantes y la DSIB quiere aprovechar la ocasi\u00f3n para dar las gracias a la Sra. Toledo, a la Sra. Wagner y al Sr. van Neerven.<\/p>\n","protected":false},"excerpt":{"rendered":"<p>El 14 de mayo de 2021 tuvo lugar la primera reuni\u00f3n oficial del grupo de trabajo de la DSIB con la Agencia Central de Colegios en el Extranjero. Como declar\u00f3 Heike Toledo, directora de la ZfA, fue un momento hist\u00f3rico.&hellip;<\/p>\n","protected":false},"author":1,"featured_media":2630,"comment_status":"open","ping_status":"open","sticky":false,"template":"","format":"standard","meta":[],"categories":[],"tags":[],"aioseo_notices":[],"_links":{"self":[{"href":"https:\/\/www.ds-iberien.de\/es\/wp-json\/wp\/v2\/posts\/2632"}],"collection":[{"href":"https:\/\/www.ds-iberien.de\/es\/wp-json\/wp\/v2\/posts"}],"about":[{"href":"https:\/\/www.ds-iberien.de\/es\/wp-json\/wp\/v2\/types\/post"}],"author":[{"embeddable":true,"href":"https:\/\/www.ds-iberien.de\/es\/wp-json\/wp\/v2\/users\/1"}],"replies":[{"embeddable":true,"href":"https:\/\/www.ds-iberien.de\/es\/wp-json\/wp\/v2\/comments?post=2632"}],"version-history":[{"count":1,"href":"https:\/\/www.ds-iberien.de\/es\/wp-json\/wp\/v2\/posts\/2632\/revisions"}],"predecessor-version":[{"id":2633,"href":"https:\/\/www.ds-iberien.de\/es\/wp-json\/wp\/v2\/posts\/2632\/revisions\/2633"}],"wp:featuredmedia":[{"embeddable":true,"href":"https:\/\/www.ds-iberien.de\/es\/wp-json\/wp\/v2\/media\/2630"}],"wp:attachment":[{"href":"https:\/\/www.ds-iberien.de\/es\/wp-json\/wp\/v2\/media?parent=2632"}],"wp:term":[{"taxonomy":"category","embeddable":true,"href":"https:\/\/www.ds-iberien.de\/es\/wp-json\/wp\/v2\/categories?post=2632"},{"taxonomy":"post_tag","embeddable":true,"href":"https:\/\/www.ds-iberien.de\/es\/wp-json\/wp\/v2\/tags?post=2632"}],"curies":[{"name":"wp","href":"https:\/\/api.w.org\/{rel}","templated":true}]}}