{"id":1978,"date":"2020-06-17T09:30:19","date_gmt":"2020-06-17T07:30:19","guid":{"rendered":"https:\/\/www.ds-iberien.de\/2020\/06\/17\/sportbegegnung-2019-in-porto\/"},"modified":"2021-02-19T14:24:36","modified_gmt":"2021-02-19T12:24:36","slug":"sportbegegnung-2019-in-porto","status":"publish","type":"post","link":"https:\/\/www.ds-iberien.de\/es\/sportbegegnung-2019-in-porto\/","title":{"rendered":"Encuentro deportivo 2019 en Oporto"},"content":{"rendered":"<div id=\"sp-page-builder\" class=\"sp-page-builder\">\n<div class=\"page-content\">\n<section id=\"section-id-1561373186972\" class=\"sppb-section \">\n<div class=\"sppb-row-container\">\n<div class=\"sppb-row\">\n<div class=\"sppb-col-md-12\">\n<div id=\"column-id-1561373186973\" class=\"sppb-column\">\n<div class=\"sppb-column-addons\">\n<div id=\"sppb-addon-1561373186976\" class=\"clearfix\">\n<div class=\"sppb-addon sppb-addon-text-block sppb-text-left \">\n<div class=\"sppb-addon-content\">\n<p>Del 17 al 21 de junio, el encuentro deportivo de este a\u00f1o tuvo lugar en Oporto con la participaci\u00f3n de los Colegios Alemanes de Lisboa, Oporto, M\u00e1laga y Madrid.<\/p>\n<p>Todos nuestros estudiantes ya se hab\u00edan preparado para esta competici\u00f3n durante todo el a\u00f1o escolar.<\/p>\n<p>Queremos agradecer al Colegio Alem\u00e1n de Oporto y a las familias anfitrionas por la gran organizaci\u00f3n del concurso y la hospitalidad con la que fuimos recibidos.<\/p>\n<p><strong>Clasificaci\u00f3n general<\/strong><\/p>\n<p>DS Porto 12 puntos<\/p>\n<p>DS Madrid 12 puntos<\/p>\n<p>DS Lisboa 14 puntos<\/p>\n<p>DS M\u00e1laga 22 puntos<\/p>\n<\/div>\n<\/div>\n<\/div>\n<\/div>\n<\/div>\n<\/div>\n<\/div>\n<\/div>\n<\/section>\n<\/div>\n<\/div>\n","protected":false},"excerpt":{"rendered":"<p>Del 17 al 21 de junio, el encuentro deportivo de este a\u00f1o tuvo lugar en Oporto con la participaci\u00f3n de los Colegios Alemanes de Lisboa, Oporto, M\u00e1laga y Madrid. Todos nuestros estudiantes ya se hab\u00edan preparado para esta competici\u00f3n durante&hellip;<\/p>\n","protected":false},"author":1,"featured_media":1979,"comment_status":"closed","ping_status":"closed","sticky":false,"template":"","format":"standard","meta":[],"categories":[],"tags":[],"aioseo_notices":[],"_links":{"self":[{"href":"https:\/\/www.ds-iberien.de\/es\/wp-json\/wp\/v2\/posts\/1978"}],"collection":[{"href":"https:\/\/www.ds-iberien.de\/es\/wp-json\/wp\/v2\/posts"}],"about":[{"href":"https:\/\/www.ds-iberien.de\/es\/wp-json\/wp\/v2\/types\/post"}],"author":[{"embeddable":true,"href":"https:\/\/www.ds-iberien.de\/es\/wp-json\/wp\/v2\/users\/1"}],"replies":[{"embeddable":true,"href":"https:\/\/www.ds-iberien.de\/es\/wp-json\/wp\/v2\/comments?post=1978"}],"version-history":[{"count":2,"href":"https:\/\/www.ds-iberien.de\/es\/wp-json\/wp\/v2\/posts\/1978\/revisions"}],"predecessor-version":[{"id":1985,"href":"https:\/\/www.ds-iberien.de\/es\/wp-json\/wp\/v2\/posts\/1978\/revisions\/1985"}],"wp:featuredmedia":[{"embeddable":true,"href":"https:\/\/www.ds-iberien.de\/es\/wp-json\/wp\/v2\/media\/1979"}],"wp:attachment":[{"href":"https:\/\/www.ds-iberien.de\/es\/wp-json\/wp\/v2\/media?parent=1978"}],"wp:term":[{"taxonomy":"category","embeddable":true,"href":"https:\/\/www.ds-iberien.de\/es\/wp-json\/wp\/v2\/categories?post=1978"},{"taxonomy":"post_tag","embeddable":true,"href":"https:\/\/www.ds-iberien.de\/es\/wp-json\/wp\/v2\/tags?post=1978"}],"curies":[{"name":"wp","href":"https:\/\/api.w.org\/{rel}","templated":true}]}}