{"id":1976,"date":"2020-06-17T09:28:36","date_gmt":"2020-06-17T07:28:36","guid":{"rendered":"https:\/\/www.ds-iberien.de\/2020\/06\/17\/landeswettbewerb-jugend-debattiert-an-der-ds-teneriffa-25-28-marz-2019\/"},"modified":"2021-02-19T14:22:50","modified_gmt":"2021-02-19T12:22:50","slug":"landeswettbewerb-jugend-debattiert-an-der-ds-teneriffa-25-28-marz-2019","status":"publish","type":"post","link":"https:\/\/www.ds-iberien.de\/es\/landeswettbewerb-jugend-debattiert-an-der-ds-teneriffa-25-28-marz-2019\/","title":{"rendered":"Concurso nacional \u00abJugenddebattiert\u00bb (debates juveniles) en el DS Tenerife (25-28 de marzo de 2019)."},"content":{"rendered":"<p><strong>\u00a1Todos ganan!<\/strong><\/p>\n<p>Una democracia necesita ciudadanos con capacidad, aquellos que plantean preguntas, que expresen su opini\u00f3n y que sepan respetar tambi\u00e9n las opiniones de los dem\u00e1s de forma objetiva. Aquellas personas que participan en debates, aprenden a actuar de esta forma.<\/p>\n<p>Debatir significa: adoptar una posici\u00f3n firme, razonar, criticar en contra y a favor de los dem\u00e1s. Los alumnos que participan en los debates, se tienen que expresar con precisi\u00f3n y saber escuchar.<\/p>\n<p>En el concurso \u00abJugenddebattiert Iberia\u00bb 16 alumnos procedentes de los Colegios Alemanes de Barcelona, Bilbao, Madrid, M\u00e1laga, Porto, Las Palmas de Gran Canaria, San Sebasti\u00e1n y Tenerife participan en un debate. Otros alumnos forman parte del jurado junto al profesorado.<\/p>\n<p>Para el concurso \u00abJugenddebattiert Iberia 2019\u00bb en el Colegio Alem\u00e1n de Tenerife, se\u00a0clasificaron Clara S.A. y Catalina G.S.J. Ariana L.K. represent\u00f3 el DSM como miembro del jurado.<\/p>\n<p>Dos semanas antes del concurso los 16 alumnos recibieron el temario para los debates y la final:<\/p>\n<ol style=\"padding-left: 40px;\">\n<li>\u00bfDeber\u00eda ser gratuito el transporte p\u00fablico?<\/li>\n<li>\u00bfSe deber\u00eda de prohibir la publicidad de alimentos no saludables?<\/li>\n<li>\u00bfSe deber\u00eda permitir la circulaci\u00f3n de coches aut\u00f3nomos en la v\u00eda p\u00fablica?<\/li>\n<\/ol>\n<p>En la final, Raja S. (DS M\u00e1laga) logr\u00f3 imponerse, muy seguida de Flavia G.U. (DS Barcelona).<\/p>\n<p>El pr\u00f3ximo concurso tendr\u00e1 lugar en primavera del 2020 en el Colegio Alem\u00e1n de Bilbao donde participar\u00e1 por primera vez tambi\u00e9n el Colegio Alem\u00e1n de Sevilla.<\/p>\n<p>Encontrar\u00e1n m\u00e1s detalles en: www.jugend-debattiert.de<\/p>\n<p><em>Jan Bernert (Coordindor \u00abJugenddebattiertIberien\u00bb)<\/em><\/p>\n","protected":false},"excerpt":{"rendered":"<p>\u00a1Todos ganan! Una democracia necesita ciudadanos con capacidad, aquellos que plantean preguntas, que expresen su opini\u00f3n y que sepan respetar tambi\u00e9n las opiniones de los dem\u00e1s de forma objetiva. Aquellas personas que participan en debates, aprenden a actuar de esta&hellip;<\/p>\n","protected":false},"author":1,"featured_media":1977,"comment_status":"closed","ping_status":"closed","sticky":false,"template":"","format":"standard","meta":[],"categories":[],"tags":[],"aioseo_notices":[],"_links":{"self":[{"href":"https:\/\/www.ds-iberien.de\/es\/wp-json\/wp\/v2\/posts\/1976"}],"collection":[{"href":"https:\/\/www.ds-iberien.de\/es\/wp-json\/wp\/v2\/posts"}],"about":[{"href":"https:\/\/www.ds-iberien.de\/es\/wp-json\/wp\/v2\/types\/post"}],"author":[{"embeddable":true,"href":"https:\/\/www.ds-iberien.de\/es\/wp-json\/wp\/v2\/users\/1"}],"replies":[{"embeddable":true,"href":"https:\/\/www.ds-iberien.de\/es\/wp-json\/wp\/v2\/comments?post=1976"}],"version-history":[{"count":2,"href":"https:\/\/www.ds-iberien.de\/es\/wp-json\/wp\/v2\/posts\/1976\/revisions"}],"predecessor-version":[{"id":1983,"href":"https:\/\/www.ds-iberien.de\/es\/wp-json\/wp\/v2\/posts\/1976\/revisions\/1983"}],"wp:featuredmedia":[{"embeddable":true,"href":"https:\/\/www.ds-iberien.de\/es\/wp-json\/wp\/v2\/media\/1977"}],"wp:attachment":[{"href":"https:\/\/www.ds-iberien.de\/es\/wp-json\/wp\/v2\/media?parent=1976"}],"wp:term":[{"taxonomy":"category","embeddable":true,"href":"https:\/\/www.ds-iberien.de\/es\/wp-json\/wp\/v2\/categories?post=1976"},{"taxonomy":"post_tag","embeddable":true,"href":"https:\/\/www.ds-iberien.de\/es\/wp-json\/wp\/v2\/tags?post=1976"}],"curies":[{"name":"wp","href":"https:\/\/api.w.org\/{rel}","templated":true}]}}