{"id":1974,"date":"2020-06-17T09:26:31","date_gmt":"2020-06-17T07:26:31","guid":{"rendered":"https:\/\/www.ds-iberien.de\/2020\/06\/17\/regionale-netzwerktagung-an-der-dsm\/"},"modified":"2021-02-19T14:19:37","modified_gmt":"2021-02-19T12:19:37","slug":"regionale-netzwerktagung-an-der-dsm","status":"publish","type":"post","link":"https:\/\/www.ds-iberien.de\/es\/regionale-netzwerktagung-an-der-dsm\/","title":{"rendered":"Conferencia de la Red regional en el Colegio Alem\u00e1n de Madrid"},"content":{"rendered":"<p>Como colegio central de la Regi\u00f3n 10 del sistema de Colegios Alemanes en el Extranjero, el DS Madrid acogi\u00f3 la Conferencia de la Red Regional de este a\u00f1o del 27 al 29 de mayo. Durante tres d\u00edas, representantes de los consejos directivos, la direcci\u00f3n del colegio y la gesti\u00f3n administrativa se reunieron para debatir cuestiones de actualidad y la futura direcci\u00f3n de los Colegios Alemanes en el Extranjero en Espa\u00f1a y Portugal, as\u00ed como en todo el mundo. Nuestro colegio aprovech\u00f3 la oportunidad para presentarse como un buen anfitri\u00f3n y as\u00ed proporcionar el marco para un encuentro armonioso y amistoso. En cuanto al contenido, se presentaron y debatieron las perspectivas de un mayor desarrollo de la calidad de los colegios alemanes en el extranjero. Todos coincidieron en reconocer que el trabajo en equipo es fundamental para el desarrollo y \u00e9xito de cada uno de los colegios. Para m\u00e1s informaci\u00f3n v\u00e9ase: <a href=\"https:\/\/www.auslandsschulwesen.de\/Webs\/ZfA\/DE\/Schulnetz\/Qualitaetsmanagement\/Qualitaetsrahmen\/qualitaetsrahmen_node.html\">https:\/\/www.auslandsschulwesen.de\/Webs\/ZfA\/DE\/Schulnetz\/Qualitaetsmanagement\/Qualitaetsrahmen\/qualitaetsrahmen_node.html<\/a><\/p>\n","protected":false},"excerpt":{"rendered":"<p>Como colegio central de la Regi\u00f3n 10 del sistema de Colegios Alemanes en el Extranjero, el DS Madrid acogi\u00f3 la Conferencia de la Red Regional de este a\u00f1o del 27 al 29 de mayo. Durante tres d\u00edas, representantes de los&hellip;<\/p>\n","protected":false},"author":1,"featured_media":1975,"comment_status":"closed","ping_status":"closed","sticky":false,"template":"","format":"standard","meta":[],"categories":[],"tags":[],"aioseo_notices":[],"_links":{"self":[{"href":"https:\/\/www.ds-iberien.de\/es\/wp-json\/wp\/v2\/posts\/1974"}],"collection":[{"href":"https:\/\/www.ds-iberien.de\/es\/wp-json\/wp\/v2\/posts"}],"about":[{"href":"https:\/\/www.ds-iberien.de\/es\/wp-json\/wp\/v2\/types\/post"}],"author":[{"embeddable":true,"href":"https:\/\/www.ds-iberien.de\/es\/wp-json\/wp\/v2\/users\/1"}],"replies":[{"embeddable":true,"href":"https:\/\/www.ds-iberien.de\/es\/wp-json\/wp\/v2\/comments?post=1974"}],"version-history":[{"count":2,"href":"https:\/\/www.ds-iberien.de\/es\/wp-json\/wp\/v2\/posts\/1974\/revisions"}],"predecessor-version":[{"id":1981,"href":"https:\/\/www.ds-iberien.de\/es\/wp-json\/wp\/v2\/posts\/1974\/revisions\/1981"}],"wp:featuredmedia":[{"embeddable":true,"href":"https:\/\/www.ds-iberien.de\/es\/wp-json\/wp\/v2\/media\/1975"}],"wp:attachment":[{"href":"https:\/\/www.ds-iberien.de\/es\/wp-json\/wp\/v2\/media?parent=1974"}],"wp:term":[{"taxonomy":"category","embeddable":true,"href":"https:\/\/www.ds-iberien.de\/es\/wp-json\/wp\/v2\/categories?post=1974"},{"taxonomy":"post_tag","embeddable":true,"href":"https:\/\/www.ds-iberien.de\/es\/wp-json\/wp\/v2\/tags?post=1974"}],"curies":[{"name":"wp","href":"https:\/\/api.w.org\/{rel}","templated":true}]}}