{"id":1970,"date":"2020-06-17T09:24:25","date_gmt":"2020-06-17T07:24:25","guid":{"rendered":"https:\/\/www.ds-iberien.de\/2020\/06\/17\/jugend-forscht-iberia-2019\/"},"modified":"2021-02-19T14:15:31","modified_gmt":"2021-02-19T12:15:31","slug":"jugend-forscht-iberia-2019","status":"publish","type":"post","link":"https:\/\/www.ds-iberien.de\/es\/jugend-forscht-iberia-2019\/","title":{"rendered":"Juventud investiga, Iberia 2019"},"content":{"rendered":"<p>Este a\u00f1o (2019), el Colegio Alem\u00e1n de Madrid acoger\u00e1 el concurso regional \u00abJuventud investiga, Iberia\u00bb (Jugendforscht) por tercera vez del 13 al 15 de noviembre de 2019, coincidiendo con el 20\u00ba aniversario de nuestra competici\u00f3n. As\u00ed que este es un evento muy especial. Jugendforscht es la mayor competici\u00f3n juvenil europea en el campo de la ciencia y la tecnolog\u00eda.<\/p>\n<p>Este a\u00f1o nos visitar\u00e1n unos 60 estudiantes de los cursos 5 a 12 de las escuelas alemanas de Madrid, Lisboa, San Sebasti\u00e1n, Bilbao, Barcelona, Valencia, M\u00e1laga y Sevilla. Los estudiantes nos sorprender\u00e1n con numerosos proyectos de las diversas \u00e1reas del mundo laboral, biolog\u00eda, qu\u00edmica, ciencias de la tierra y del espacio, matem\u00e1ticas, inform\u00e1tica, f\u00edsica y tecnolog\u00eda.<\/p>\n<p><iframe loading=\"lazy\" src=\"https:\/\/www.youtube.com\/embed\/wbmGIr-pCMI\" width=\"560\" height=\"315\" frameborder=\"0\" allowfullscreen=\"allowfullscreen\"><span style=\"display: inline-block; width: 0px; overflow: hidden; line-height: 0;\" data-mce-type=\"bookmark\" class=\"mce_SELRES_start\">\ufeff<\/span><\/iframe><\/p>\n","protected":false},"excerpt":{"rendered":"<p>Este a\u00f1o (2019), el Colegio Alem\u00e1n de Madrid acoger\u00e1 el concurso regional \u00abJuventud investiga, Iberia\u00bb (Jugendforscht) por tercera vez del 13 al 15 de noviembre de 2019, coincidiendo con el 20\u00ba aniversario de nuestra competici\u00f3n. As\u00ed que este es un&hellip;<\/p>\n","protected":false},"author":1,"featured_media":1971,"comment_status":"closed","ping_status":"closed","sticky":false,"template":"","format":"standard","meta":[],"categories":[],"tags":[],"aioseo_notices":[],"_links":{"self":[{"href":"https:\/\/www.ds-iberien.de\/es\/wp-json\/wp\/v2\/posts\/1970"}],"collection":[{"href":"https:\/\/www.ds-iberien.de\/es\/wp-json\/wp\/v2\/posts"}],"about":[{"href":"https:\/\/www.ds-iberien.de\/es\/wp-json\/wp\/v2\/types\/post"}],"author":[{"embeddable":true,"href":"https:\/\/www.ds-iberien.de\/es\/wp-json\/wp\/v2\/users\/1"}],"replies":[{"embeddable":true,"href":"https:\/\/www.ds-iberien.de\/es\/wp-json\/wp\/v2\/comments?post=1970"}],"version-history":[{"count":2,"href":"https:\/\/www.ds-iberien.de\/es\/wp-json\/wp\/v2\/posts\/1970\/revisions"}],"predecessor-version":[{"id":1973,"href":"https:\/\/www.ds-iberien.de\/es\/wp-json\/wp\/v2\/posts\/1970\/revisions\/1973"}],"wp:featuredmedia":[{"embeddable":true,"href":"https:\/\/www.ds-iberien.de\/es\/wp-json\/wp\/v2\/media\/1971"}],"wp:attachment":[{"href":"https:\/\/www.ds-iberien.de\/es\/wp-json\/wp\/v2\/media?parent=1970"}],"wp:term":[{"taxonomy":"category","embeddable":true,"href":"https:\/\/www.ds-iberien.de\/es\/wp-json\/wp\/v2\/categories?post=1970"},{"taxonomy":"post_tag","embeddable":true,"href":"https:\/\/www.ds-iberien.de\/es\/wp-json\/wp\/v2\/tags?post=1970"}],"curies":[{"name":"wp","href":"https:\/\/api.w.org\/{rel}","templated":true}]}}