{"id":1963,"date":"2020-08-28T09:52:11","date_gmt":"2020-08-28T07:52:11","guid":{"rendered":"https:\/\/www.ds-iberien.de\/2020\/08\/28\/gemeinsame-verhandlung-der-energiepreise\/"},"modified":"2021-02-19T14:08:50","modified_gmt":"2021-02-19T12:08:50","slug":"gemeinsame-verhandlung-der-energiepreise","status":"publish","type":"post","link":"https:\/\/www.ds-iberien.de\/es\/gemeinsame-verhandlung-der-energiepreise\/","title":{"rendered":"Negociaci\u00f3n conjunta de precios de energ\u00eda"},"content":{"rendered":"<p><em>Fruto de la colaboraci\u00f3n entre los gerentes de seis de nuestros colegios, se consigui\u00f3 negociar en conjunto el precio de energ\u00eda con \u00fanico proveedor para todos. Dado el volumen de consumo global se consigui\u00f3 una reducci\u00f3n media de 16% (entre 10% y 20%) en electricidad (unos 40MIL\u20ac global para 5 colegios) y un 14%\u00a0 (entre 10% y 25%) en gas (unos 31mil\u20ac de ahorro para tres colegios).<\/em><\/p>\n","protected":false},"excerpt":{"rendered":"<p>Als Ergebnis der Zusammenarbeit zwischen den Gesch\u00e4ftsf\u00fchrern von sechs unserer Schulen konnten wir den Energiepreis gemeinsam mit einem einzigen Lieferanten f\u00fcr alle aushandeln. Angesichts des Umfangs unseres Verbrauchs wurde eine durchschnittliche Reduzierung von 16% (zwischen 10% und 20%) bei Elektrizit\u00e4t (etwa 40.000 \u20ac insgesamt f\u00fcr 5 Schulen) und 14% (zwischen 10% und 25%) bei Gas (etwa 31.000 \u20ac Einsparungen f\u00fcr drei Schulen) erreicht.<\/p>\n","protected":false},"author":1,"featured_media":1964,"comment_status":"open","ping_status":"open","sticky":false,"template":"","format":"standard","meta":[],"categories":[],"tags":[],"aioseo_notices":[],"_links":{"self":[{"href":"https:\/\/www.ds-iberien.de\/es\/wp-json\/wp\/v2\/posts\/1963"}],"collection":[{"href":"https:\/\/www.ds-iberien.de\/es\/wp-json\/wp\/v2\/posts"}],"about":[{"href":"https:\/\/www.ds-iberien.de\/es\/wp-json\/wp\/v2\/types\/post"}],"author":[{"embeddable":true,"href":"https:\/\/www.ds-iberien.de\/es\/wp-json\/wp\/v2\/users\/1"}],"replies":[{"embeddable":true,"href":"https:\/\/www.ds-iberien.de\/es\/wp-json\/wp\/v2\/comments?post=1963"}],"version-history":[{"count":1,"href":"https:\/\/www.ds-iberien.de\/es\/wp-json\/wp\/v2\/posts\/1963\/revisions"}],"predecessor-version":[{"id":1965,"href":"https:\/\/www.ds-iberien.de\/es\/wp-json\/wp\/v2\/posts\/1963\/revisions\/1965"}],"wp:featuredmedia":[{"embeddable":true,"href":"https:\/\/www.ds-iberien.de\/es\/wp-json\/wp\/v2\/media\/1964"}],"wp:attachment":[{"href":"https:\/\/www.ds-iberien.de\/es\/wp-json\/wp\/v2\/media?parent=1963"}],"wp:term":[{"taxonomy":"category","embeddable":true,"href":"https:\/\/www.ds-iberien.de\/es\/wp-json\/wp\/v2\/categories?post=1963"},{"taxonomy":"post_tag","embeddable":true,"href":"https:\/\/www.ds-iberien.de\/es\/wp-json\/wp\/v2\/tags?post=1963"}],"curies":[{"name":"wp","href":"https:\/\/api.w.org\/{rel}","templated":true}]}}